{"id":36006,"date":"2022-09-22T08:51:00","date_gmt":"2022-09-22T08:51:00","guid":{"rendered":"https:\/\/www.conectasoftware.com\/magazine\/?p=36006"},"modified":"2024-01-29T15:59:05","modified_gmt":"2024-01-29T15:59:05","slug":"la-digitalizacion-y-liderazgo-de-la-administracion-publica-de-espana-en-la-ue","status":"publish","type":"post","link":"https:\/\/www.conectasoftware.com\/magazine\/la-digitalizacion-y-liderazgo-de-la-administracion-publica-de-espana-en-la-ue\/","title":{"rendered":"Espa\u00f1a, la Administraci\u00f3n P\u00fablica y el reto de la digitalizaci\u00f3n (y su liderazgo en la UE)"},"content":{"rendered":"\n<p>\u00danicamente en el a\u00f1o 2021, hasta un&nbsp;<strong>68% de las personas mayores&nbsp;<\/strong>de 15 a\u00f1os afirmaban haber utilizado alguna herramienta de la&nbsp;<strong>Administraci\u00f3n P\u00fablica de Espa\u00f1a&nbsp;<\/strong>a trav\u00e9s de internet. Si bien es cierto que el tejido empresarial espa\u00f1ol siempre se ha caracterizado por ir un paso por detr\u00e1s en materia de&nbsp;digitalizaci\u00f3n&nbsp;que el resto de nuestros socios europeos, no ocurre lo mismo si nos centramos en las Administraciones P\u00fablicas.<\/p>\n\n\n\n<figure class=\"wp-block-image\"><a href=\"https:\/\/www.conectasoftware.com\/kit-digital\/\"><img loading=\"lazy\" loading=\"lazy\" decoding=\"async\" width=\"2560\" height=\"656\" src=\"https:\/\/www.conectasoftware.com\/magazine\/wp-content\/uploads\/2022\/10\/Banner-Kit-Digital-2-1.png\" alt=\"Kit Digital\" class=\"wp-image-35797\"\/><\/a><\/figure>\n\n\n\n<p>Con los datos que podemos obtener hasta&nbsp;<strong>julio del presente a\u00f1o,&nbsp;<\/strong>nuestro pa\u00eds se sit\u00faa en s\u00e9ptimo lugar en competitividad digital. Avanzando dos puestos con respecto a la posici\u00f3n obtenida en 2021, como detallaremos a lo largo de este art\u00edculo. Pero, \u00bfc\u00f3mo ha sido este camino?<\/p>\n\n\n\n<h2 class=\"wp-block-heading\"><strong>La incorporaci\u00f3n de las herramientas digitales de autenticaci\u00f3n, la clave<\/strong><\/h2>\n\n\n\n<p>Seg\u00fan el&nbsp;<a href=\"https:\/\/www.ontsi.es\/sites\/ontsi\/files\/2021-12\/informedigitalizacionAAPPdic21.pdf\" target=\"_blank\" rel=\"noreferrer noopener\">\u00faltimo estudio<\/a>&nbsp;llevado a cabo por parte de la<strong>&nbsp;Secretar\u00eda de Estado de Digitalizaci\u00f3n e Inteligencia Artificial,<\/strong>&nbsp;en el a\u00f1o 2021 m\u00e1s de dos terceras partes de la poblaci\u00f3n mayor de 16 a\u00f1os ha interactuado con la Administraci\u00f3n P\u00fablica a trav\u00e9s de internet. Ya sea de manera puntual, como en la tramitaci\u00f3n de una subvenci\u00f3n o ayuda, como peri\u00f3dica, como es el caso de la Declaraci\u00f3n de la Renta.&nbsp;<\/p>\n\n\n\n<p>Para ello, ha sido necesario llevar a cabo un proceso de creaci\u00f3n de&nbsp;diferentes sistemas y herramientas&nbsp;que permit\u00edan al usuario garantizar su proceso de autenticaci\u00f3n. Concretamente, por medio de medidas como la&nbsp;<strong>Cl@ve Digital, el DNI electr\u00f3nico o el certificado digital.&nbsp;<\/strong>Tres opciones que nos ayudan a poder demostrar nuestra identidad ante cualquier tr\u00e1mite que debamos afrontar.&nbsp;<\/p>\n\n\n\n<h2 class=\"wp-block-heading\"><strong>El \u00cdndice de la Econom\u00eda y la Sociedad Digitales<\/strong><\/h2>\n\n\n\n<p>Seg\u00fan la edici\u00f3n del a\u00f1o 2021 del&nbsp;<strong>\u00cdndice de la Econom\u00eda y la Sociedad Digitales (DESI),<\/strong>&nbsp;Espa\u00f1a concentra una valoraci\u00f3n de 80,7 puntos. Situ\u00e1ndose la media europea en 68,1 puntos.<\/p>\n\n\n\n<p>Un dato que refleja el buen estado de nuestras administraciones en torno a esta cuesti\u00f3n. Adem\u00e1s, el 67% de los espa\u00f1oles interacciona de manera activa con los servicios digitales de la administraci\u00f3n p\u00fablica. En la Uni\u00f3n Europea, la media se sit\u00faa en un 64%.&nbsp;<\/p>\n\n\n\n<p>Adem\u00e1s, tambi\u00e9n destaca<strong>&nbsp;la eficiencia de la Administraci\u00f3n<\/strong>&nbsp;para reutilizar la informaci\u00f3n y los datos personales que ya han aportado los usuarios en tr\u00e1mites anteriores. Espa\u00f1a obtuvo en este caso 78 puntos, por los 63 que son la&nbsp;<strong>media en la Uni\u00f3n Europea.<\/strong>&nbsp;Siendo uno de los aspectos de mayor relevancia en t\u00e9rminos de experiencia de usuario, por el ahorro de tiempo que puede llegar a suponer, dada la naturaleza del campo al que estamos haciendo referencia.&nbsp;<\/p>\n\n\n\n<h2 class=\"wp-block-heading\"><strong>El 85% de las regiones espa\u00f1olas cuenta con un plan de digitalizaci\u00f3n afianzado<\/strong><\/h2>\n\n\n\n<p>\u00bfTodas las comunidades aut\u00f3nomas avanzan al mismo ritmo en materia de&nbsp;digitalizaci\u00f3n? Esta es una de las preguntas que surgen cuando analizamos el escenario actual.<\/p>\n\n\n\n<p>A finales del pasado 2021, la Administraci\u00f3n P\u00fablica afirmaba que el 84% de todas las regiones de nuestro pa\u00eds cuentan con un plan establecido de transformaci\u00f3n digital. A excepci\u00f3n de Baleares y de Andaluc\u00eda, el resto de nuestras comunidades ya se encontraban integrando nuevos procesos y medidas que permitiesen&nbsp;<strong>recorrer el camino<\/strong>&nbsp;hacia una&nbsp;transformaci\u00f3n digital&nbsp;asentada.&nbsp;<\/p>\n\n\n\n<h2 class=\"wp-block-heading\"><strong>En continuo proceso de mejora<\/strong><\/h2>\n\n\n\n<p>Pese a los buenos resultados cosechados hasta ahora, Espa\u00f1a contin\u00faa mejorando en materia de&nbsp;digitalizaci\u00f3n&nbsp;del sector p\u00fablico a\u00f1o tras a\u00f1o. Con datos oficiales hasta el mes de julio, si nuestro pa\u00eds contin\u00faa en esta tendencia, el presente 2022 terminar\u00eda con un avance de dos posiciones con respecto al a\u00f1o 2021.<\/p>\n\n\n\n<p>Pese a ello, existe un d\u00e9ficit muy notable de profesionales especializados en&nbsp;<strong>Tecnolog\u00edas de la Informaci\u00f3n y de las Comunicaciones,<\/strong>&nbsp;que puede comprometer de manera notable el avance en el medio plazo de nuestro pa\u00eds con respecto al resto de nuestros socios europeos.&nbsp;<a href=\"https:\/\/acumbamail.com\/newform\/web\/pVvRj1pRRojzw7Ez48jxV6thJ6XdzytirCg\/23076\/\" target=\"_blank\" rel=\"noopener\"><\/a><\/p>\n","protected":false},"excerpt":{"rendered":"<p>\u00danicamente en el a\u00f1o 2021, hasta un&nbsp;68% de las personas mayores&nbsp;de 15 a\u00f1os afirmaban haber utilizado alguna herramienta de la&nbsp;Administraci\u00f3n P\u00fablica de Espa\u00f1a&nbsp;a trav\u00e9s de internet. Si bien es cierto que el tejido empresarial espa\u00f1ol siempre se ha caracterizado por ir un paso por detr\u00e1s en materia de&nbsp;digitalizaci\u00f3n&nbsp;que el resto de nuestros socios europeos, no [&hellip;]<\/p>\n","protected":false},"author":54,"featured_media":36007,"comment_status":"closed","ping_status":"closed","sticky":false,"template":"","format":"standard","meta":{"content-type":"","footnotes":""},"categories":[36],"tags":[],"class_list":{"0":"post-36006","1":"post","2":"type-post","3":"status-publish","4":"format-standard","5":"has-post-thumbnail","7":"category-subvenciones"},"_links":{"self":[{"href":"https:\/\/www.conectasoftware.com\/magazine\/wp-json\/wp\/v2\/posts\/36006","targetHints":{"allow":["GET"]}}],"collection":[{"href":"https:\/\/www.conectasoftware.com\/magazine\/wp-json\/wp\/v2\/posts"}],"about":[{"href":"https:\/\/www.conectasoftware.com\/magazine\/wp-json\/wp\/v2\/types\/post"}],"author":[{"embeddable":true,"href":"https:\/\/www.conectasoftware.com\/magazine\/wp-json\/wp\/v2\/users\/54"}],"replies":[{"embeddable":true,"href":"https:\/\/www.conectasoftware.com\/magazine\/wp-json\/wp\/v2\/comments?post=36006"}],"version-history":[{"count":6,"href":"https:\/\/www.conectasoftware.com\/magazine\/wp-json\/wp\/v2\/posts\/36006\/revisions"}],"predecessor-version":[{"id":36926,"href":"https:\/\/www.conectasoftware.com\/magazine\/wp-json\/wp\/v2\/posts\/36006\/revisions\/36926"}],"wp:featuredmedia":[{"embeddable":true,"href":"https:\/\/www.conectasoftware.com\/magazine\/wp-json\/wp\/v2\/media\/36007"}],"wp:attachment":[{"href":"https:\/\/www.conectasoftware.com\/magazine\/wp-json\/wp\/v2\/media?parent=36006"}],"wp:term":[{"taxonomy":"category","embeddable":true,"href":"https:\/\/www.conectasoftware.com\/magazine\/wp-json\/wp\/v2\/categories?post=36006"},{"taxonomy":"post_tag","embeddable":true,"href":"https:\/\/www.conectasoftware.com\/magazine\/wp-json\/wp\/v2\/tags?post=36006"}],"curies":[{"name":"wp","href":"https:\/\/api.w.org\/{rel}","templated":true}]}}