{"id":35682,"date":"2022-10-14T09:56:07","date_gmt":"2022-10-14T09:56:07","guid":{"rendered":"https:\/\/www.conectasoftware.com\/magazine\/?p=35682"},"modified":"2024-02-02T17:52:20","modified_gmt":"2024-02-02T17:52:20","slug":"design-ladder-escalera-de-diseno","status":"publish","type":"post","link":"https:\/\/www.conectasoftware.com\/magazine\/design-ladder-escalera-de-diseno\/","title":{"rendered":"4 etapas para el uso del dise\u00f1o en las empresas"},"content":{"rendered":"\n<p>Desde el 2001 existe la <em>Design Ladder<\/em>, un modelo desarrollado por el <a href=\"https:\/\/ddc.dk\/\" target=\"_blank\" rel=\"noopener\">Danish Design Center<\/a> (DDC) para ilustrar el uso del dise\u00f1o en las empresas. Mediante 4 etapas, el dise\u00f1o pasa de no ser relevante a ser uno de los pilares m\u00e1s importantes. En lo que se refiere a la estrategia corporativa y de innovaci\u00f3n de la empresa.<\/p>\n\n\n\n<figure class=\"wp-block-image size-full\"><a href=\"https:\/\/www.conectasoftware.com\/producto\/automatiza-tu-ecommerce-mayorista-desde-tu-erp\/\"><img loading=\"lazy\" loading=\"lazy\" decoding=\"async\" width=\"2048\" height=\"525\" src=\"https:\/\/www.conectasoftware.com\/magazine\/wp-content\/uploads\/2022\/10\/automatiza-tu-ecommerce-ebook-banner-cta-2048x525-2.png\" alt=\"\" class=\"wp-image-35711\"\/><\/a><\/figure>\n\n\n\n<p>Este modelo se basa en la idea de que la utilizaci\u00f3n del dise\u00f1o y los ingresos altos est\u00e1n conectados exponencialmente. <strong>Cuanto m\u00e1s se potencia el dise\u00f1o en la empresa, m\u00e1s se refleja en su crecimiento econ\u00f3mico<\/strong>. Esta hip\u00f3tesis se puede demostrar de manera sencilla: si nos fijamos en las compa\u00f1\u00edas m\u00e1s importantes mundialmente, como Google. Se aprecia una enorme inversi\u00f3n en dise\u00f1o, tanto en su estrategia como en los elementos visuales y creatividades.<\/p>\n\n\n\n<p>Pero su principal condici\u00f3n negativa es que su uso depende mucho de <strong>la madurez de la empresa<\/strong>. Es por ello que se plantea el concepto de la <strong>escalera<\/strong>, ya que no se puede empezar directamente en el \u00faltimo pelda\u00f1o. Se ha de empezar desde el escal\u00f3n m\u00e1s bajo e ir subiendo poco a poco.<\/p>\n\n\n\n<figure class=\"wp-block-image size-full\"><img loading=\"lazy\" loading=\"lazy\" decoding=\"async\" width=\"1514\" height=\"1000\" src=\"https:\/\/www.conectasoftware.com\/magazine\/wp-content\/uploads\/2022\/10\/design-ladder-grafico-1.png\" alt=\"gr\u00e1fico del Design Ladder, las 4 etapas del dise\u00f1o en las empresas\" class=\"wp-image-35683\"\/><figcaption class=\"wp-element-caption\">Fuente: <em>The Design Ladder, Danish Design Centre (DDC)<\/em><br><\/figcaption><\/figure>\n\n\n\n<h2 class=\"wp-block-heading\">Los 4 pelda\u00f1os de la <em>Design Ladder<\/em><\/h2>\n\n\n\n<h3 class=\"wp-block-heading\">1. Non-design &#8211; No dise\u00f1o<\/h3>\n\n\n\n<p>Este es el escal\u00f3n en el que se encuentra todo aquel negocio que no ve el dise\u00f1o como una herramienta potencial en su desarrollo. En muchas ocasiones esta situaci\u00f3n se debe simplemente por <strong>desconocimiento<\/strong>: no optan por invertir en dise\u00f1o porque no conocen el valor que tiene para su empresa.&nbsp;<\/p>\n\n\n\n<p>Por ello, para poder subir al siguiente escal\u00f3n, es indispensable conocer su relevancia, sobre todo mediante datos y estad\u00edsticas. De esa forma, podr\u00e1n <strong>convertir el dise\u00f1o en valor de negocio.<\/strong><\/p>\n\n\n\n<h3 class=\"wp-block-heading\">2. Design as Styling &#8211; El dise\u00f1o como estilismo<\/h3>\n\n\n\n<p>Para tener una marca, identidad corporativa o m\u00ednima imagen, empieza a ser indispensable el dise\u00f1o. En este escal\u00f3n se encuentran muchas empresas que apuestan por el dise\u00f1o pero lo hacen <strong>solo a nivel est\u00e9tico<\/strong>. Para elaborar un logo o una serie de elementos gr\u00e1ficos que necesitan. Es una inversi\u00f3n cerrada con un fin espec\u00edfico, no se plantean invertir reiteradamente en dise\u00f1o para ir mejorando su negocio.<\/p>\n\n\n\n<p>Suele ser el caso de empresas de servicios cotidianos, que no piensan en el dise\u00f1o como parte de su estrategia de marketing. No se han planteado invertir para promocionar su negocio online o abrir sus redes sociales, para lo que <strong>es esencial el dise\u00f1o en la estrategia de promoci\u00f3n y comunicaci\u00f3n<\/strong>.<\/p>\n\n\n\n<h3 class=\"wp-block-heading\"> 3. Design as Process &#8211; El dise\u00f1o como proceso<\/h3>\n\n\n\n<p>En este pelda\u00f1o, la empresa ya entiende el dise\u00f1o como <strong>parte de su funcionamiento<\/strong>, como un pilar fundamental y una herramienta muy \u00fatil. En estos casos, cuentan con dise\u00f1adores ya en su equipo y potencian la creatividad y la innovaci\u00f3n mediante sus ideas y propuestas.<\/p>\n\n\n\n<p>Ya estamos hablando de inversiones grandes tanto de dinero como de tiempo, de involucrar a todos los equipos de la empresa y usar metodolog\u00edas de Design Thinking.<\/p>\n\n\n\n<p>Cuando el dise\u00f1o se entiende como proceso, se pueden lograr <strong>metas mucho m\u00e1s ambiciosas<\/strong>. Contando con personas que dedican toda su jornada a encontrar nuevos m\u00e9todos. Que pueden lograr mejoras para la empresa y ahorros considerables en cuanto a costes. Ya hablamos de puestos muy concretos, como dise\u00f1o de experiencia de usuario, de producto o industrial.<\/p>\n\n\n\n<h3 class=\"wp-block-heading\">4. Design as Strategy &#8211; El dise\u00f1o como estrategia<\/h3>\n\n\n\n<p>El escal\u00f3n m\u00e1s alto es, sin duda, contar con el dise\u00f1o como una estrategia m\u00e1s para la empresa. Debe estar muy ligado a los directores, como CTO o CPO, para que se plantee y se entienda como un engranaje m\u00e1s para el <strong>correcto funcionamiento del negocio<\/strong>.<\/p>\n\n\n\n<p>Teniendo como base los <strong>objetivos de la compa\u00f1\u00eda<\/strong>, se pueden dirigir todos los esfuerzos en dise\u00f1o a cumplirlos y conseguirlos, planteando una estrategia que cuente con todos los \u00e1mbitos del negocio, los englobe y los haga trabajar juntos para que conduzcan al crecimiento de la empresa.<\/p>\n\n\n\n<figure class=\"wp-block-image size-full\"><img loading=\"lazy\" loading=\"lazy\" decoding=\"async\" width=\"1920\" height=\"1001\" src=\"https:\/\/www.conectasoftware.com\/magazine\/wp-content\/uploads\/2022\/10\/design-ladder-grafico-2.png\" alt=\"gr\u00e1fico comparativo del porcentaje de empresas en cada etapa de la escalera del dise\u00f1o\" class=\"wp-image-35684\"\/><figcaption class=\"wp-element-caption\">Fuente: <em>The Economic Effects of Design, National Agency for Enterprise and Housing<\/em>, Copenhagen September 2003 &amp; <em>Design Creates Value, National Agency for Enterprise and Housing<\/em>, Copenhagen September 2007.<br><\/figcaption><\/figure>\n\n\n\n<p>Cada vez son m\u00e1s las empresas que se encuentran <strong>en los escalones m\u00e1s altos<\/strong>, lo cual es muy positivo para el ambiente empresarial. Al ver los argumentos y los datos, el desarrollo de la empresa est\u00e1 asegurado, solo queda apostar por el dise\u00f1o y empezar a subir la escalera.<\/p>\n\n\n\n<p>Si tienes m\u00e1s dudas, <strong>puedes consultar el libro<\/strong> <a href=\"https:\/\/www.conectasoftware.com\/magazine\/libros\/produccion\/change-by-design\/\">Cambio por dise\u00f1o (Change by design)<\/a> de Tim Brown, CEO de IDEO, donde explica c\u00f3mo utilizar los principios fundamentales del proceso de dise\u00f1o para poder aplicarlos a cualquier negocio. Y, si te interesa, puedes solicitar <a href=\"https:\/\/www.conectasoftware.com\/kit-digital\/\">el Kit Digital con nosotros<\/a> y empezar a utilizar el dise\u00f1o en tu empresa.<\/p>\n","protected":false},"excerpt":{"rendered":"<p>Desde el 2001 existe la Design Ladder, un modelo desarrollado por el Danish Design Center (DDC) para ilustrar el uso del dise\u00f1o en las empresas. Mediante 4 etapas, el dise\u00f1o pasa de no ser relevante a ser uno de los pilares m\u00e1s importantes. En lo que se refiere a la estrategia corporativa y de innovaci\u00f3n [&hellip;]<\/p>\n","protected":false},"author":316,"featured_media":35688,"comment_status":"closed","ping_status":"closed","sticky":false,"template":"","format":"standard","meta":{"content-type":"","footnotes":""},"categories":[23],"tags":[],"class_list":{"0":"post-35682","1":"post","2":"type-post","3":"status-publish","4":"format-standard","5":"has-post-thumbnail","7":"category-diseno-web"},"_links":{"self":[{"href":"https:\/\/www.conectasoftware.com\/magazine\/wp-json\/wp\/v2\/posts\/35682","targetHints":{"allow":["GET"]}}],"collection":[{"href":"https:\/\/www.conectasoftware.com\/magazine\/wp-json\/wp\/v2\/posts"}],"about":[{"href":"https:\/\/www.conectasoftware.com\/magazine\/wp-json\/wp\/v2\/types\/post"}],"author":[{"embeddable":true,"href":"https:\/\/www.conectasoftware.com\/magazine\/wp-json\/wp\/v2\/users\/316"}],"replies":[{"embeddable":true,"href":"https:\/\/www.conectasoftware.com\/magazine\/wp-json\/wp\/v2\/comments?post=35682"}],"version-history":[{"count":5,"href":"https:\/\/www.conectasoftware.com\/magazine\/wp-json\/wp\/v2\/posts\/35682\/revisions"}],"predecessor-version":[{"id":39989,"href":"https:\/\/www.conectasoftware.com\/magazine\/wp-json\/wp\/v2\/posts\/35682\/revisions\/39989"}],"wp:featuredmedia":[{"embeddable":true,"href":"https:\/\/www.conectasoftware.com\/magazine\/wp-json\/wp\/v2\/media\/35688"}],"wp:attachment":[{"href":"https:\/\/www.conectasoftware.com\/magazine\/wp-json\/wp\/v2\/media?parent=35682"}],"wp:term":[{"taxonomy":"category","embeddable":true,"href":"https:\/\/www.conectasoftware.com\/magazine\/wp-json\/wp\/v2\/categories?post=35682"},{"taxonomy":"post_tag","embeddable":true,"href":"https:\/\/www.conectasoftware.com\/magazine\/wp-json\/wp\/v2\/tags?post=35682"}],"curies":[{"name":"wp","href":"https:\/\/api.w.org\/{rel}","templated":true}]}}