{"id":24622,"date":"2020-12-23T09:52:59","date_gmt":"2020-12-23T09:52:59","guid":{"rendered":"https:\/\/www.conectasoftware.com\/?p=24622"},"modified":"2024-02-03T23:35:39","modified_gmt":"2024-02-03T23:35:39","slug":"coches-autonomos-tecnologia-y-antropologia-hacia-una-revolucion-social","status":"publish","type":"post","link":"https:\/\/www.conectasoftware.com\/magazine\/coches-autonomos-tecnologia-y-antropologia-hacia-una-revolucion-social\/","title":{"rendered":"Coches aut\u00f3nomos, tecnolog\u00eda y antropolog\u00eda: Hacia una revoluci\u00f3n social"},"content":{"rendered":"<p>Con car\u00e1cter hist\u00f3rico, la presencia de <strong>coches aut\u00f3nomos<\/strong> siempre ha estado ligada al <strong>desarrollo tecnol\u00f3gico.<\/strong> As\u00ed como al impacto que elementos tales como la Inteligencia Artificial pueden llegar a causar en la industria automovil\u00edstica. No obstante, durante los \u00faltimos a\u00f1os, y a consecuencia de la llegada de los primeros modelos de conducci\u00f3n aut\u00f3noma, ha irrumpido un <strong>nuevo agente en la ecuaci\u00f3n:<\/strong> la antropolog\u00eda aplicada a la carretera.<br \/>\nNissan, fabricante reconocido en la <strong>industria automovil\u00edstica<\/strong> a nivel mundial, ha sido una de las voces que mayor \u00e9nfasis ha proporcionado a esta tem\u00e1tica durante los \u00faltimos a\u00f1os. Su proyecto de Movilidad Inteligente no est\u00e1 basado \u00fanicamente en el coche el\u00e9ctrico, aut\u00f3nomo y conectado. Adem\u00e1s de ser capaz de <strong>reducir a cero las emisiones.<\/strong> Su proyecto tambi\u00e9n incluye una nueva variante: la seguridad del peat\u00f3n.<\/p>\n<h2>La revoluci\u00f3n social que el coche aut\u00f3nomo necesita<\/h2>\n<p>A lo largo de la historia de la sociedad, han sido muchas las revoluciones que hemos tenido que se han tenido que superar hasta interiorizar un nuevo patr\u00f3n de conducta. Inmersos en <strong>pleno siglo XXI,<\/strong> parece que una de las revoluciones que van a marcar el futuro de la sociedad va a ser la <strong>Revoluci\u00f3n Social.<span class=\"Apple-converted-space\">\u00a0<\/span><\/strong><br \/>\nPara el futuro de la <strong>conducci\u00f3n aut\u00f3noma,<\/strong> evaluar el comportamiento de los seres humanos ante el coche aut\u00f3nomo cobra una gran relevancia. Conformando el ingrediente clave sobre el que pivotar toda la estrategia.<span class=\"Apple-converted-space\">\u00a0<\/span><\/p>\n<h2>Una integraci\u00f3n org\u00e1nica<\/h2>\n<p>La integraci\u00f3n de los <strong>coches aut\u00f3nomos<\/strong> en nuestra estructura social debe llevarse a cabo de manera org\u00e1nica y arm\u00f3nica. El coche aut\u00f3nomo no puede irrumpir en las carreteras asumiendo todo el protagonismo y teniendo la <strong>prioridad<\/strong> en cualquier tipo de escenarios.<span class=\"Apple-converted-space\">\u00a0<\/span><br \/>\nEl coche aut\u00f3nomo debe conformarse de manera distinta seg\u00fan la ciudad en la que se encuentre. Respetando tanto los <strong>modelos de conducta<\/strong> como los patrones de comportamiento que se adec\u00faen en cada contexto. Analizar los patrones de comportamiento de los peatones, as\u00ed como su interrelaci\u00f3n con el contexto, ser\u00e1 fundamental para poder dise\u00f1ar una estrategia.<br \/>\nUna de las posibles intenciones que baraja la industria automovil\u00edstica hace referencia a la introducci\u00f3n de un nuevo concepto: los <strong>indicadores de intenci\u00f3n.<\/strong> En base a un abanico de colores, es el propio veh\u00edculo el que recibe diferentes intenciones. Entre ellas, el deseo de cruzar la calle, de realizar un giro o de andar a una velocidad diferente a la habitual.<span class=\"Apple-converted-space\">\u00a0<\/span><\/p>\n<h2>Los nuevos conceptos de movilidad<\/h2>\n<p>De manera paralela al <strong>desarrollo de la conducci\u00f3n aut\u00f3noma<\/strong> han emergido nuevas formas de movilidad que presentan nuevos riesgos para el aterrizaje de los veh\u00edculos inteligentes. Entre ellos, la creciente tendencia al uso de los <strong>patinetes o las bicicletas el\u00e9ctricas.<\/strong> Que provocan una nueva inc\u00f3gnita que despejar.<br \/>\nComo consecuencia de que se encuentran en un <strong>modelo h\u00edbrido<\/strong> que permiten comportarse como peatones o como veh\u00edculos, la inteligencia desarrollada para los veh\u00edculos aut\u00f3nomos necesita de una nueva dimensi\u00f3n que conquistar.<br \/>\nEl coche debe poder interactuar y comunicarse del mismo modo que lo realizan los <strong>seres humanos.<\/strong> Entender el resto de agentes que se encuentran en la carrera, as\u00ed como aprender de su comportamiento, es fundamental. Iniciando la transici\u00f3n en la concepci\u00f3n que tenemos del veh\u00edculo: de un producto mec\u00e1nico y tecnol\u00f3gico hacia un agente social.<span class=\"Apple-converted-space\">\u00a0<\/span><\/p>\n","protected":false},"excerpt":{"rendered":"<p>Con car\u00e1cter hist\u00f3rico, la presencia de coches aut\u00f3nomos siempre ha estado ligada al desarrollo tecnol\u00f3gico. As\u00ed como al impacto que elementos tales como la Inteligencia Artificial pueden llegar a causar en la industria automovil\u00edstica. No obstante, durante los \u00faltimos a\u00f1os, y a consecuencia de la llegada de los primeros modelos de conducci\u00f3n aut\u00f3noma, ha irrumpido [&hellip;]<\/p>\n","protected":false},"author":1,"featured_media":24623,"comment_status":"closed","ping_status":"closed","sticky":false,"template":"","format":"standard","meta":{"content-type":"","footnotes":""},"categories":[65,53],"tags":[],"class_list":{"0":"post-24622","1":"post","2":"type-post","3":"status-publish","4":"format-standard","5":"has-post-thumbnail","7":"category-antropologia","8":"category-estrategia-negocio"},"_links":{"self":[{"href":"https:\/\/www.conectasoftware.com\/magazine\/wp-json\/wp\/v2\/posts\/24622","targetHints":{"allow":["GET"]}}],"collection":[{"href":"https:\/\/www.conectasoftware.com\/magazine\/wp-json\/wp\/v2\/posts"}],"about":[{"href":"https:\/\/www.conectasoftware.com\/magazine\/wp-json\/wp\/v2\/types\/post"}],"author":[{"embeddable":true,"href":"https:\/\/www.conectasoftware.com\/magazine\/wp-json\/wp\/v2\/users\/1"}],"replies":[{"embeddable":true,"href":"https:\/\/www.conectasoftware.com\/magazine\/wp-json\/wp\/v2\/comments?post=24622"}],"version-history":[{"count":2,"href":"https:\/\/www.conectasoftware.com\/magazine\/wp-json\/wp\/v2\/posts\/24622\/revisions"}],"predecessor-version":[{"id":40351,"href":"https:\/\/www.conectasoftware.com\/magazine\/wp-json\/wp\/v2\/posts\/24622\/revisions\/40351"}],"wp:featuredmedia":[{"embeddable":true,"href":"https:\/\/www.conectasoftware.com\/magazine\/wp-json\/wp\/v2\/media\/24623"}],"wp:attachment":[{"href":"https:\/\/www.conectasoftware.com\/magazine\/wp-json\/wp\/v2\/media?parent=24622"}],"wp:term":[{"taxonomy":"category","embeddable":true,"href":"https:\/\/www.conectasoftware.com\/magazine\/wp-json\/wp\/v2\/categories?post=24622"},{"taxonomy":"post_tag","embeddable":true,"href":"https:\/\/www.conectasoftware.com\/magazine\/wp-json\/wp\/v2\/tags?post=24622"}],"curies":[{"name":"wp","href":"https:\/\/api.w.org\/{rel}","templated":true}]}}